{"id":10920,"date":"2025-10-26T16:48:06","date_gmt":"2025-10-26T19:48:06","guid":{"rendered":"https:\/\/muycritico.com.ar\/web\/?p=10920"},"modified":"2026-01-18T19:12:20","modified_gmt":"2026-01-18T22:12:20","slug":"emiliano-durand-elegimos-pensar-en-lo-que-necesita-la-provincia","status":"publish","type":"post","link":"https:\/\/muycritico.com.ar\/web\/?p=10920","title":{"rendered":"EMILIANO DURAND: \u201cELEGIMOS PENSAR EN LO QUE NECESITA LA PROVINCIA\u201d"},"content":{"rendered":"<p><strong>El intendente de la ciudad de Salta, Emiliano Durand, emiti\u00f3 su voto en el Colegio Juan Manuel de Rosas y destac\u00f3 la campa\u00f1a de Primero los Salte\u00f1os, centrada en una agenda local. Invit\u00f3 a los ciudadanos a participar de la jornada electoral y llam\u00f3 a \u201cseguir construyendo con respeto y trabajo\u201d.<\/strong><\/p>\n<p><!--more--><\/p>\n<p>El intendente capitalino, Emiliano Durand, emiti\u00f3 su voto esta ma\u00f1ana en el Colegio N\u00b0 5052 Juan Manuel de Rosas, donde comparti\u00f3 unas palabras tras sufragar. En un mensaje a los vecinos, convoc\u00f3 a los salte\u00f1os a acercarse a las urnas y participar activamente de la elecci\u00f3n, que \u2014seg\u00fan consider\u00f3\u2014 se dio en un contexto \u201cmuy nacionalizado\u201d.<\/p>\n<p>Durand remarc\u00f3 que desde el frente Primero los Salte\u00f1os se busc\u00f3 poner en el centro de la discusi\u00f3n los temas propios de la provincia. \u201cQuisimos salir y plantear los problemas de Salta, la agenda de Salta, las obras que se necesitan en Salta. Lo hicimos con respeto, pensando en construir a futuro\u201d, expres\u00f3.<\/p>\n<p><img loading=\"lazy\" decoding=\"async\" class=\"aligncenter size-full wp-image-10922\" src=\"https:\/\/muycritico.com.ar\/web\/wp-content\/uploads\/2025\/10\/DURAND-ELECCIONES.jpg\" alt=\"\" width=\"1600\" height=\"1070\" srcset=\"https:\/\/muycritico.com.ar\/web\/wp-content\/uploads\/2025\/10\/DURAND-ELECCIONES.jpg 1600w, https:\/\/muycritico.com.ar\/web\/wp-content\/uploads\/2025\/10\/DURAND-ELECCIONES-768x514.jpg 768w, https:\/\/muycritico.com.ar\/web\/wp-content\/uploads\/2025\/10\/DURAND-ELECCIONES-1536x1027.jpg 1536w\" sizes=\"auto, (max-width: 1600px) 100vw, 1600px\" \/><\/p>\n<p>Asimismo, se\u00f1al\u00f3 que la elecci\u00f3n de este domingo es de suma importancia para Salta y que \u201cmuchas veces solo se ve\u00eda lo que pasaba en Buenos Aires\u201d. En ese sentido, subray\u00f3 que el frente Primero los Salte\u00f1os eligi\u00f3 \u201cpensar en lo que necesita la provincia\u201d y continuar promoviendo una mirada federal.<\/p>\n<blockquote class=\"instagram-media\" style=\"background: #FFF; border: 0; border-radius: 3px; box-shadow: 0 0 1px 0 rgba(0,0,0,0.5),0 1px 10px 0 rgba(0,0,0,0.15); margin: 1px; max-width: 540px; min-width: 326px; padding: 0; width: calc(100% - 2px);\" data-instgrm-captioned=\"\" data-instgrm-permalink=\"https:\/\/www.instagram.com\/reel\/DQSei-gkV35\/?utm_source=ig_embed&amp;utm_campaign=loading\" data-instgrm-version=\"14\">\n<div style=\"padding: 16px;\">\n<p>&nbsp;<\/p>\n<div style=\"display: flex; flex-direction: row; align-items: center;\">\n<div style=\"background-color: #f4f4f4; border-radius: 50%; flex-grow: 0; height: 40px; margin-right: 14px; width: 40px;\"><\/div>\n<div style=\"display: flex; flex-direction: column; flex-grow: 1; justify-content: center;\">\n<div style=\"background-color: #f4f4f4; border-radius: 4px; flex-grow: 0; height: 14px; margin-bottom: 6px; width: 100px;\"><\/div>\n<div style=\"background-color: #f4f4f4; border-radius: 4px; flex-grow: 0; height: 14px; width: 60px;\"><\/div>\n<\/div>\n<\/div>\n<div style=\"padding: 19% 0;\"><\/div>\n<div style=\"display: block; height: 50px; margin: 0 auto 12px; width: 50px;\"><\/div>\n<div style=\"padding-top: 8px;\">\n<div style=\"color: #3897f0; font-family: Arial,sans-serif; font-size: 14px; font-style: normal; font-weight: 550; line-height: 18px;\">Ver esta publicaci\u00f3n en Instagram<\/div>\n<\/div>\n<div style=\"padding: 12.5% 0;\"><\/div>\n<div style=\"display: flex; flex-direction: row; margin-bottom: 14px; align-items: center;\">\n<div>\n<div style=\"background-color: #f4f4f4; border-radius: 50%; height: 12.5px; width: 12.5px; transform: translateX(0px) translateY(7px);\"><\/div>\n<div style=\"background-color: #f4f4f4; height: 12.5px; transform: rotate(-45deg) translateX(3px) translateY(1px); width: 12.5px; flex-grow: 0; margin-right: 14px; margin-left: 2px;\"><\/div>\n<div style=\"background-color: #f4f4f4; border-radius: 50%; height: 12.5px; width: 12.5px; transform: translateX(9px) translateY(-18px);\"><\/div>\n<\/div>\n<div style=\"margin-left: 8px;\">\n<div style=\"background-color: #f4f4f4; border-radius: 50%; flex-grow: 0; height: 20px; width: 20px;\"><\/div>\n<div style=\"width: 0; height: 0; border-top: 2px solid transparent; border-left: 6px solid #f4f4f4; border-bottom: 2px solid transparent; transform: translateX(16px) translateY(-4px) rotate(30deg);\"><\/div>\n<\/div>\n<div style=\"margin-left: auto;\">\n<div style=\"width: 0px; border-top: 8px solid #F4F4F4; border-right: 8px solid transparent; transform: translateY(16px);\"><\/div>\n<div style=\"background-color: #f4f4f4; flex-grow: 0; height: 12px; width: 16px; transform: translateY(-4px);\"><\/div>\n<div style=\"width: 0; height: 0; border-top: 8px solid #F4F4F4; border-left: 8px solid transparent; transform: translateY(-4px) translateX(8px);\"><\/div>\n<\/div>\n<\/div>\n<div style=\"display: flex; flex-direction: column; flex-grow: 1; justify-content: center; margin-bottom: 24px;\">\n<div style=\"background-color: #f4f4f4; border-radius: 4px; flex-grow: 0; height: 14px; margin-bottom: 6px; width: 224px;\"><\/div>\n<div style=\"background-color: #f4f4f4; border-radius: 4px; flex-grow: 0; height: 14px; width: 144px;\"><\/div>\n<\/div>\n<p>&nbsp;<\/p>\n<p style=\"color: #c9c8cd; font-family: Arial,sans-serif; font-size: 14px; line-height: 17px; margin-bottom: 0; margin-top: 8px; overflow: hidden; padding: 8px 0 7px; text-align: center; text-overflow: ellipsis; white-space: nowrap;\"><a style=\"color: #c9c8cd; font-family: Arial,sans-serif; font-size: 14px; font-style: normal; font-weight: normal; line-height: 17px; text-decoration: none;\" href=\"https:\/\/www.instagram.com\/reel\/DQSei-gkV35\/?utm_source=ig_embed&amp;utm_campaign=loading\" target=\"_blank\" rel=\"noopener\">Una publicaci\u00f3n compartida por Muy Critico (@muycriticodigital)<\/a><\/p>\n<\/div>\n<\/blockquote>\n<p><script async src=\"\/\/www.instagram.com\/embed.js\"><\/script><\/p>\n<p>Finalmente, el jefe comunal valor\u00f3 el trabajo realizado durante la campa\u00f1a y asegur\u00f3 que este es \u201cel puntapi\u00e9 inicial de Primero los Salte\u00f1os\u201d. \u201cLes pido que veamos todo lo que podemos hacer juntos. Con trabajo, sin insultos y construyendo entre todos lo vamos a concretar\u201d, concluy\u00f3.<\/p>\n","protected":false},"excerpt":{"rendered":"<p>El intendente de la ciudad de Salta, Emiliano Durand, emiti\u00f3 su voto en el Colegio Juan Manuel de Rosas y destac\u00f3 la campa\u00f1a de Primero los Salte\u00f1os, centrada en una agenda local. Invit\u00f3 a los ciudadanos a participar de la jornada electoral y llam\u00f3 a \u201cseguir construyendo con respeto y trabajo\u201d.<\/p>\n","protected":false},"author":2,"featured_media":10921,"comment_status":"open","ping_status":"closed","sticky":false,"template":"","format":"standard","meta":{"footnotes":""},"categories":[6],"tags":[872],"class_list":["post-10920","post","type-post","status-publish","format-standard","has-post-thumbnail","hentry","category-notas","tag-victor-sacca"],"_links":{"self":[{"href":"https:\/\/muycritico.com.ar\/web\/index.php?rest_route=\/wp\/v2\/posts\/10920","targetHints":{"allow":["GET"]}}],"collection":[{"href":"https:\/\/muycritico.com.ar\/web\/index.php?rest_route=\/wp\/v2\/posts"}],"about":[{"href":"https:\/\/muycritico.com.ar\/web\/index.php?rest_route=\/wp\/v2\/types\/post"}],"author":[{"embeddable":true,"href":"https:\/\/muycritico.com.ar\/web\/index.php?rest_route=\/wp\/v2\/users\/2"}],"replies":[{"embeddable":true,"href":"https:\/\/muycritico.com.ar\/web\/index.php?rest_route=%2Fwp%2Fv2%2Fcomments&post=10920"}],"version-history":[{"count":2,"href":"https:\/\/muycritico.com.ar\/web\/index.php?rest_route=\/wp\/v2\/posts\/10920\/revisions"}],"predecessor-version":[{"id":10930,"href":"https:\/\/muycritico.com.ar\/web\/index.php?rest_route=\/wp\/v2\/posts\/10920\/revisions\/10930"}],"wp:featuredmedia":[{"embeddable":true,"href":"https:\/\/muycritico.com.ar\/web\/index.php?rest_route=\/wp\/v2\/media\/10921"}],"wp:attachment":[{"href":"https:\/\/muycritico.com.ar\/web\/index.php?rest_route=%2Fwp%2Fv2%2Fmedia&parent=10920"}],"wp:term":[{"taxonomy":"category","embeddable":true,"href":"https:\/\/muycritico.com.ar\/web\/index.php?rest_route=%2Fwp%2Fv2%2Fcategories&post=10920"},{"taxonomy":"post_tag","embeddable":true,"href":"https:\/\/muycritico.com.ar\/web\/index.php?rest_route=%2Fwp%2Fv2%2Ftags&post=10920"}],"curies":[{"name":"wp","href":"https:\/\/api.w.org\/{rel}","templated":true}]}}