{"id":10856,"date":"2025-10-22T22:53:33","date_gmt":"2025-10-23T01:53:33","guid":{"rendered":"https:\/\/muycritico.com.ar\/web\/?p=10856"},"modified":"2026-01-18T19:12:21","modified_gmt":"2026-01-18T22:12:21","slug":"jimena-salas-una-testigo-confirmo-que-javier-saavedra-fue-expulsado-de-una-ong-en-santa-victoria","status":"publish","type":"post","link":"https:\/\/muycritico.com.ar\/web\/?p=10856","title":{"rendered":"JIMENA SALAS: UNA TESTIGO CONFIRM\u00d3 QUE JAVIER SAAVEDRA FUE EXPULSADO DE UNA ONG EN SANTA VICTORIA"},"content":{"rendered":"<p><strong>Durante la jornada de este mi\u00e9rcoles, declar\u00f3 una testigo citada por la Fiscal\u00eda y seis testigos citados por la defensa t\u00e9cnica de los acusados.<\/strong><\/p>\n<p><!--more--><\/p>\n<p>La primera testigo, declar\u00f3 por videollamada. Relat\u00f3 que entre 2018 y 2019 prest\u00f3 servicios en una ONG en Santa Victoria Este, con tareas de prevenci\u00f3n y concientizaci\u00f3n en comunidades originarias y criollas. Dijo que comparti\u00f3 con Javier Saavedra la vivienda que les brindaban, y que hab\u00eda dos habitaciones destinadas al descanso y que eran compartidas entre los operarios.<\/p>\n<p>Tras un viaje a su lugar de origen, se\u00f1al\u00f3 que le consult\u00f3 a una compa\u00f1era por la ausencia de Saavedra, y supo que hab\u00eda sido expulsado por una situaci\u00f3n con ella, donde se hab\u00eda sentido vulnerada en su integridad sexual y que no hab\u00eda denunciado lo ocurrido para no causar perjuicio a la organizaci\u00f3n.<\/p>\n<blockquote class=\"instagram-media\" style=\"background: #FFF; border: 0; border-radius: 3px; box-shadow: 0 0 1px 0 rgba(0,0,0,0.5),0 1px 10px 0 rgba(0,0,0,0.15); margin: 1px; max-width: 540px; min-width: 326px; padding: 0; width: calc(100% - 2px);\" data-instgrm-captioned=\"\" data-instgrm-permalink=\"https:\/\/www.instagram.com\/reel\/DQH59pskcds\/?utm_source=ig_embed&amp;utm_campaign=loading\" data-instgrm-version=\"14\">\n<div style=\"padding: 16px;\">\n<p>&nbsp;<\/p>\n<div style=\"display: flex; flex-direction: row; align-items: center;\">\n<div style=\"background-color: #f4f4f4; border-radius: 50%; flex-grow: 0; height: 40px; margin-right: 14px; width: 40px;\"><\/div>\n<div style=\"display: flex; flex-direction: column; flex-grow: 1; justify-content: center;\">\n<div style=\"background-color: #f4f4f4; border-radius: 4px; flex-grow: 0; height: 14px; margin-bottom: 6px; width: 100px;\"><\/div>\n<div style=\"background-color: #f4f4f4; border-radius: 4px; flex-grow: 0; height: 14px; width: 60px;\"><\/div>\n<\/div>\n<\/div>\n<div style=\"padding: 19% 0;\"><\/div>\n<div style=\"display: block; height: 50px; margin: 0 auto 12px; width: 50px;\"><\/div>\n<div style=\"padding-top: 8px;\">\n<div style=\"color: #3897f0; font-family: Arial,sans-serif; font-size: 14px; font-style: normal; font-weight: 550; line-height: 18px;\">Ver esta publicaci\u00f3n en Instagram<\/div>\n<\/div>\n<div style=\"padding: 12.5% 0;\"><\/div>\n<div style=\"display: flex; flex-direction: row; margin-bottom: 14px; align-items: center;\">\n<div>\n<div style=\"background-color: #f4f4f4; border-radius: 50%; height: 12.5px; width: 12.5px; transform: translateX(0px) translateY(7px);\"><\/div>\n<div style=\"background-color: #f4f4f4; height: 12.5px; transform: rotate(-45deg) translateX(3px) translateY(1px); width: 12.5px; flex-grow: 0; margin-right: 14px; margin-left: 2px;\"><\/div>\n<div style=\"background-color: #f4f4f4; border-radius: 50%; height: 12.5px; width: 12.5px; transform: translateX(9px) translateY(-18px);\"><\/div>\n<\/div>\n<div style=\"margin-left: 8px;\">\n<div style=\"background-color: #f4f4f4; border-radius: 50%; flex-grow: 0; height: 20px; width: 20px;\"><\/div>\n<div style=\"width: 0; height: 0; border-top: 2px solid transparent; border-left: 6px solid #f4f4f4; border-bottom: 2px solid transparent; transform: translateX(16px) translateY(-4px) rotate(30deg);\"><\/div>\n<\/div>\n<div style=\"margin-left: auto;\">\n<div style=\"width: 0px; border-top: 8px solid #F4F4F4; border-right: 8px solid transparent; transform: translateY(16px);\"><\/div>\n<div style=\"background-color: #f4f4f4; flex-grow: 0; height: 12px; width: 16px; transform: translateY(-4px);\"><\/div>\n<div style=\"width: 0; height: 0; border-top: 8px solid #F4F4F4; border-left: 8px solid transparent; transform: translateY(-4px) translateX(8px);\"><\/div>\n<\/div>\n<\/div>\n<div style=\"display: flex; flex-direction: column; flex-grow: 1; justify-content: center; margin-bottom: 24px;\">\n<div style=\"background-color: #f4f4f4; border-radius: 4px; flex-grow: 0; height: 14px; margin-bottom: 6px; width: 224px;\"><\/div>\n<div style=\"background-color: #f4f4f4; border-radius: 4px; flex-grow: 0; height: 14px; width: 144px;\"><\/div>\n<\/div>\n<p>&nbsp;<\/p>\n<p style=\"color: #c9c8cd; font-family: Arial,sans-serif; font-size: 14px; line-height: 17px; margin-bottom: 0; margin-top: 8px; overflow: hidden; padding: 8px 0 7px; text-align: center; text-overflow: ellipsis; white-space: nowrap;\"><a style=\"color: #c9c8cd; font-family: Arial,sans-serif; font-size: 14px; font-style: normal; font-weight: normal; line-height: 17px; text-decoration: none;\" href=\"https:\/\/www.instagram.com\/reel\/DQH59pskcds\/?utm_source=ig_embed&amp;utm_campaign=loading\" target=\"_blank\" rel=\"noopener\">Una publicaci\u00f3n compartida por Muy Critico (@muycriticodigital)<\/a><\/p>\n<\/div>\n<\/blockquote>\n<p><script async src=\"\/\/www.instagram.com\/embed.js\"><\/script>Tambi\u00e9n coment\u00f3 sobre dos hechos en los que habr\u00eda estado involucrado Javier Saavedra. Uno de ellos, cuando ella y su compa\u00f1era encontraron la casa en la que viv\u00edan abierta y con el interior todo mojado, y el otro, cuando sufrieron la sustracci\u00f3n de una valija, computadoras y otros elementos.<\/p>\n<p>Al ser consultada, dijo que tras la desvinculaci\u00f3n de la Fundaci\u00f3n, supo que \u00e9ste se fue a vivir al convento de unas monjas en la misma localidad.<\/p>\n<p>Luego, se dio lugar a la declaraci\u00f3n de testigos citados por la defensa de los acusados, entre ellos un religioso que brind\u00f3 su concepto sobre Javier Saavedra y se refiri\u00f3 a las actividades que \u00e9ste realizaba como voluntario en el lugar.<\/p>\n<p>Una mujer, quien fue compa\u00f1era de Saavedra en la Universidad y comparti\u00f3 el trabajo comunitario en Villa Floresta, se refiri\u00f3 a lo que sab\u00eda y conoc\u00eda de \u00e9l y confirm\u00f3 que en 2017, se desplazaba en un auto marr\u00f3n, con vidrios polarizados.<\/p>\n<p><img loading=\"lazy\" decoding=\"async\" class=\"aligncenter size-full wp-image-10858\" src=\"https:\/\/muycritico.com.ar\/web\/wp-content\/uploads\/2025\/10\/juicio-salas-03.jpeg\" alt=\"\" width=\"1280\" height=\"813\" srcset=\"https:\/\/muycritico.com.ar\/web\/wp-content\/uploads\/2025\/10\/juicio-salas-03.jpeg 1280w, https:\/\/muycritico.com.ar\/web\/wp-content\/uploads\/2025\/10\/juicio-salas-03-768x488.jpeg 768w\" sizes=\"auto, (max-width: 1280px) 100vw, 1280px\" \/><\/p>\n<p>Tambi\u00e9n dieron su declaraci\u00f3n, una compa\u00f1era del voluntariado en Floresta, un jardinero que el d\u00eda de la muerte de Jimena Salas, cumpl\u00eda tareas en Vaqueros, el titular de una Fundaci\u00f3n y un conocido de la v\u00edctima con quien compart\u00eda actividades literarias.<\/p>\n<p>Al finalizar con la recepci\u00f3n de los testigos presentes, el Tribunal, integrado por los jueces Jos\u00e9 Lu\u00eds Riera, M\u00f3nica Faber y Maximiliano Troyano, dispuso un cuarto intermedio hasta este jueves 23 a las 8.30.<\/p>\n","protected":false},"excerpt":{"rendered":"<p>Durante la jornada de este mi\u00e9rcoles, declar\u00f3 una testigo citada por la Fiscal\u00eda y seis testigos citados por la defensa t\u00e9cnica de los acusados.<\/p>\n","protected":false},"author":2,"featured_media":10857,"comment_status":"open","ping_status":"closed","sticky":false,"template":"","format":"standard","meta":{"footnotes":""},"categories":[6],"tags":[872],"class_list":["post-10856","post","type-post","status-publish","format-standard","has-post-thumbnail","hentry","category-notas","tag-victor-sacca"],"_links":{"self":[{"href":"https:\/\/muycritico.com.ar\/web\/index.php?rest_route=\/wp\/v2\/posts\/10856","targetHints":{"allow":["GET"]}}],"collection":[{"href":"https:\/\/muycritico.com.ar\/web\/index.php?rest_route=\/wp\/v2\/posts"}],"about":[{"href":"https:\/\/muycritico.com.ar\/web\/index.php?rest_route=\/wp\/v2\/types\/post"}],"author":[{"embeddable":true,"href":"https:\/\/muycritico.com.ar\/web\/index.php?rest_route=\/wp\/v2\/users\/2"}],"replies":[{"embeddable":true,"href":"https:\/\/muycritico.com.ar\/web\/index.php?rest_route=%2Fwp%2Fv2%2Fcomments&post=10856"}],"version-history":[{"count":1,"href":"https:\/\/muycritico.com.ar\/web\/index.php?rest_route=\/wp\/v2\/posts\/10856\/revisions"}],"predecessor-version":[{"id":10859,"href":"https:\/\/muycritico.com.ar\/web\/index.php?rest_route=\/wp\/v2\/posts\/10856\/revisions\/10859"}],"wp:featuredmedia":[{"embeddable":true,"href":"https:\/\/muycritico.com.ar\/web\/index.php?rest_route=\/wp\/v2\/media\/10857"}],"wp:attachment":[{"href":"https:\/\/muycritico.com.ar\/web\/index.php?rest_route=%2Fwp%2Fv2%2Fmedia&parent=10856"}],"wp:term":[{"taxonomy":"category","embeddable":true,"href":"https:\/\/muycritico.com.ar\/web\/index.php?rest_route=%2Fwp%2Fv2%2Fcategories&post=10856"},{"taxonomy":"post_tag","embeddable":true,"href":"https:\/\/muycritico.com.ar\/web\/index.php?rest_route=%2Fwp%2Fv2%2Ftags&post=10856"}],"curies":[{"name":"wp","href":"https:\/\/api.w.org\/{rel}","templated":true}]}}