{"id":10550,"date":"2025-10-11T18:25:27","date_gmt":"2025-10-11T21:25:27","guid":{"rendered":"https:\/\/muycritico.com.ar\/web\/?p=10550"},"modified":"2026-01-18T15:32:31","modified_gmt":"2026-01-18T18:32:31","slug":"garabato-llevo-el-nombre-de-el-galpon-a-la-feria-del-libro-salta","status":"publish","type":"post","link":"https:\/\/muycritico.com.ar\/web\/?p=10550","title":{"rendered":"GARABATO LLEV\u00d3 EL NOMBRE DE EL GALP\u00d3N A LA FERIA DEL LIBRO SALTA"},"content":{"rendered":"<p><strong>Hay momentos en que la literatura se convierte en puente; une pueblos, rescata historias y hace que la identidad viaje m\u00e1s all\u00e1 de las fronteras. As\u00ed ocurri\u00f3 con el grupo literario Garabato, que llev\u00f3 la voz de El Galp\u00f3n a la XV Feria del Libro de Salta, desarrollada en la Usina Cultural.<\/strong><\/p>\n<p><!--more--><\/p>\n<p>En su participaci\u00f3n, los integrantes compartieron reflexiones sobre el aporte de Garabato a la vida cultural del municipio y recitaron poemas de su autor\u00eda, conquistando la atenci\u00f3n del p\u00fablico con la fuerza de la palabra galponense.<\/p>\n<p>Gracias al acompa\u00f1amiento del intendente <strong>Federico Sacca<\/strong>, la delegaci\u00f3n viaj\u00f3 en el minib\u00fas municipal, gesto que reafirma el compromiso de la gesti\u00f3n con la promoci\u00f3n y el crecimiento de las expresiones culturales locales.<\/p>\n<p><img loading=\"lazy\" decoding=\"async\" class=\"aligncenter size-full wp-image-10552\" src=\"https:\/\/muycritico.com.ar\/web\/wp-content\/uploads\/2025\/10\/FERIA-LIBRO-EL-GALPON2.jpg\" alt=\"\" width=\"1280\" height=\"720\" srcset=\"https:\/\/muycritico.com.ar\/web\/wp-content\/uploads\/2025\/10\/FERIA-LIBRO-EL-GALPON2.jpg 1280w, https:\/\/muycritico.com.ar\/web\/wp-content\/uploads\/2025\/10\/FERIA-LIBRO-EL-GALPON2-768x432.jpg 768w\" sizes=\"auto, (max-width: 1280px) 100vw, 1280px\" \/><\/p>\n<p>Tambi\u00e9n formaron parte del contingente el secretario de Finanzas Leonardo Moya y el director de Turismo Horacio Vizgarra, quienes destacaron el valor de los espacios que permiten mostrar el talento de nuestros artistas.<\/p>\n<p>El Galp\u00f3n dijo presente con poes\u00eda, identidad y orgullo. Porque cuando la cultura se comparte, el pueblo crece.<\/p>\n","protected":false},"excerpt":{"rendered":"<p>Hay momentos en que la literatura se convierte en puente; une pueblos, rescata historias y hace que la identidad viaje m\u00e1s all\u00e1 de las fronteras. As\u00ed ocurri\u00f3 con el grupo literario Garabato, que llev\u00f3 la voz de El Galp\u00f3n a la XV Feria del Libro de Salta, desarrollada en la Usina Cultural.<\/p>\n","protected":false},"author":2,"featured_media":10551,"comment_status":"open","ping_status":"closed","sticky":false,"template":"","format":"standard","meta":{"footnotes":""},"categories":[8],"tags":[81,872],"class_list":["post-10550","post","type-post","status-publish","format-standard","has-post-thumbnail","hentry","category-cultura","tag-federico-sacca","tag-victor-sacca"],"_links":{"self":[{"href":"https:\/\/muycritico.com.ar\/web\/index.php?rest_route=\/wp\/v2\/posts\/10550","targetHints":{"allow":["GET"]}}],"collection":[{"href":"https:\/\/muycritico.com.ar\/web\/index.php?rest_route=\/wp\/v2\/posts"}],"about":[{"href":"https:\/\/muycritico.com.ar\/web\/index.php?rest_route=\/wp\/v2\/types\/post"}],"author":[{"embeddable":true,"href":"https:\/\/muycritico.com.ar\/web\/index.php?rest_route=\/wp\/v2\/users\/2"}],"replies":[{"embeddable":true,"href":"https:\/\/muycritico.com.ar\/web\/index.php?rest_route=%2Fwp%2Fv2%2Fcomments&post=10550"}],"version-history":[{"count":1,"href":"https:\/\/muycritico.com.ar\/web\/index.php?rest_route=\/wp\/v2\/posts\/10550\/revisions"}],"predecessor-version":[{"id":10553,"href":"https:\/\/muycritico.com.ar\/web\/index.php?rest_route=\/wp\/v2\/posts\/10550\/revisions\/10553"}],"wp:featuredmedia":[{"embeddable":true,"href":"https:\/\/muycritico.com.ar\/web\/index.php?rest_route=\/wp\/v2\/media\/10551"}],"wp:attachment":[{"href":"https:\/\/muycritico.com.ar\/web\/index.php?rest_route=%2Fwp%2Fv2%2Fmedia&parent=10550"}],"wp:term":[{"taxonomy":"category","embeddable":true,"href":"https:\/\/muycritico.com.ar\/web\/index.php?rest_route=%2Fwp%2Fv2%2Fcategories&post=10550"},{"taxonomy":"post_tag","embeddable":true,"href":"https:\/\/muycritico.com.ar\/web\/index.php?rest_route=%2Fwp%2Fv2%2Ftags&post=10550"}],"curies":[{"name":"wp","href":"https:\/\/api.w.org\/{rel}","templated":true}]}}